{"id":410,"date":"2021-03-29T15:00:35","date_gmt":"2021-03-29T15:00:35","guid":{"rendered":"http:\/\/bridge99.qodeinteractive.com\/?p=410"},"modified":"2021-03-30T08:38:17","modified_gmt":"2021-03-30T08:38:17","slug":"licenciement-economique-post-covid-attention-aux-abus","status":"publish","type":"post","link":"https:\/\/www.hlf.ma\/fr\/licenciement-economique-post-covid-attention-aux-abus\/","title":{"rendered":"Licenciement \u00e9conomique post-Covid : Attention aux abus !"},"content":{"rendered":"<p>La situation actuelle \u00e9tant in\u00e9dite, et en l\u2019absence de r\u00e8gles sp\u00e9cifiques \u00e0 la crise \u00e9conomique li\u00e9e \u00e0 la Covid-19, le top management des entreprises devra r\u00e9fl\u00e9chir \u00e0 deux fois avant de licencier un ou plusieurs salari\u00e9s. Le risque de voir des licenciements, pr\u00e9sent\u00e9s comme \u00e9conomiques, mais non justifi\u00e9s par de r\u00e9elles difficult\u00e9s, \u00eatre requalifi\u00e9s de licenciements abusifs par les tribunaux, devrait, au contraire, inciter \u00e0 la plus grande prudence\u2026<br \/>\nMa\u00eetre Zineb Idrissia Hamzi apporte un \u00e9clairage pr\u00e9cis, notamment sur les circonstances qui justifieraient le licenciement \u00e9conomique et la proc\u00e9dure y aff\u00e9rente.<\/p>\n<p><a href=\"https:\/\/www.hlf.ma\/wp-content\/uploads\/2017\/10\/aujourdhui-le-maroc.pdf\" target=\"_blank\" rel=\"noopener noreferrer\">En savoir plus<\/a><\/p>\n","protected":false},"excerpt":{"rendered":"<p>La situation actuelle \u00e9tant in\u00e9dite, et en l\u2019absence de r\u00e8gles sp\u00e9cifiques \u00e0 la crise \u00e9conomique li\u00e9e \u00e0 la Covid-19, le top management des entreprises devra r\u00e9fl\u00e9chir \u00e0 deux fois avant de licencier un ou plusieurs salari\u00e9s. Le risque de voir des licenciements, pr\u00e9sent\u00e9s comme \u00e9conomiques,&#8230;<\/p>\n","protected":false},"author":2,"featured_media":919,"comment_status":"open","ping_status":"open","sticky":false,"template":"","format":"standard","meta":{"inline_featured_image":false},"categories":[21],"tags":[],"yoast_head":"<!-- This site is optimized with the Yoast SEO plugin v20.5 - https:\/\/yoast.com\/wordpress\/plugins\/seo\/ -->\n<title>Licenciement \u00e9conomique post-Covid : Attention aux abus ! - DS | HAMZI LAW FIRM<\/title>\n<meta name=\"robots\" content=\"index, follow, max-snippet:-1, max-image-preview:large, max-video-preview:-1\" \/>\n<link rel=\"canonical\" href=\"https:\/\/www.hlf.ma\/fr\/licenciement-economique-post-covid-attention-aux-abus\/\" \/>\n<meta property=\"og:locale\" content=\"fr_FR\" \/>\n<meta property=\"og:type\" content=\"article\" \/>\n<meta property=\"og:title\" content=\"Licenciement \u00e9conomique post-Covid : Attention aux abus ! - DS | HAMZI LAW FIRM\" \/>\n<meta property=\"og:description\" content=\"La situation actuelle \u00e9tant in\u00e9dite, et en l\u2019absence de r\u00e8gles sp\u00e9cifiques \u00e0 la crise \u00e9conomique li\u00e9e \u00e0 la Covid-19, le top management des entreprises devra r\u00e9fl\u00e9chir \u00e0 deux fois avant de licencier un ou plusieurs salari\u00e9s. Le risque de voir des licenciements, pr\u00e9sent\u00e9s comme \u00e9conomiques,...\" \/>\n<meta property=\"og:url\" content=\"https:\/\/www.hlf.ma\/fr\/licenciement-economique-post-covid-attention-aux-abus\/\" \/>\n<meta property=\"og:site_name\" content=\"DS | HAMZI LAW FIRM\" \/>\n<meta property=\"article:published_time\" content=\"2021-03-29T15:00:35+00:00\" \/>\n<meta property=\"article:modified_time\" content=\"2021-03-30T08:38:17+00:00\" \/>\n<meta property=\"og:image\" content=\"https:\/\/www.hlf.ma\/wp-content\/uploads\/2020\/12\/ajdh-maroc.jpg\" \/>\n\t<meta property=\"og:image:width\" content=\"800\" \/>\n\t<meta property=\"og:image:height\" content=\"300\" \/>\n\t<meta property=\"og:image:type\" content=\"image\/jpeg\" \/>\n<meta name=\"author\" content=\"Alex Litsa\" \/>\n<meta name=\"twitter:card\" content=\"summary_large_image\" \/>\n<meta name=\"twitter:label1\" content=\"Written by\" \/>\n\t<meta name=\"twitter:data1\" content=\"Alex Litsa\" \/>\n\t<meta name=\"twitter:label2\" content=\"Est. reading time\" \/>\n\t<meta name=\"twitter:data2\" content=\"1 minute\" \/>\n<script type=\"application\/ld+json\" class=\"yoast-schema-graph\">{\"@context\":\"https:\/\/schema.org\",\"@graph\":[{\"@type\":\"WebPage\",\"@id\":\"https:\/\/www.hlf.ma\/fr\/licenciement-economique-post-covid-attention-aux-abus\/\",\"url\":\"https:\/\/www.hlf.ma\/fr\/licenciement-economique-post-covid-attention-aux-abus\/\",\"name\":\"Licenciement \u00e9conomique post-Covid : Attention aux abus ! - DS | HAMZI LAW FIRM\",\"isPartOf\":{\"@id\":\"https:\/\/www.hlf.ma\/fr\/#website\"},\"datePublished\":\"2021-03-29T15:00:35+00:00\",\"dateModified\":\"2021-03-30T08:38:17+00:00\",\"author\":{\"@id\":\"https:\/\/www.hlf.ma\/fr\/#\/schema\/person\/b9ebc88a642e732fc0b376449993142b\"},\"breadcrumb\":{\"@id\":\"https:\/\/www.hlf.ma\/fr\/licenciement-economique-post-covid-attention-aux-abus\/#breadcrumb\"},\"inLanguage\":\"fr-FR\",\"potentialAction\":[{\"@type\":\"ReadAction\",\"target\":[\"https:\/\/www.hlf.ma\/fr\/licenciement-economique-post-covid-attention-aux-abus\/\"]}]},{\"@type\":\"BreadcrumbList\",\"@id\":\"https:\/\/www.hlf.ma\/fr\/licenciement-economique-post-covid-attention-aux-abus\/#breadcrumb\",\"itemListElement\":[{\"@type\":\"ListItem\",\"position\":1,\"name\":\"Home\",\"item\":\"https:\/\/www.hlf.ma\/fr\/\"},{\"@type\":\"ListItem\",\"position\":2,\"name\":\"Licenciement \u00e9conomique post-Covid : Attention aux abus !\"}]},{\"@type\":\"WebSite\",\"@id\":\"https:\/\/www.hlf.ma\/fr\/#website\",\"url\":\"https:\/\/www.hlf.ma\/fr\/\",\"name\":\"DS | HAMZI LAW FIRM\",\"description\":\"Unis pour construire\",\"potentialAction\":[{\"@type\":\"SearchAction\",\"target\":{\"@type\":\"EntryPoint\",\"urlTemplate\":\"https:\/\/www.hlf.ma\/fr\/?s={search_term_string}\"},\"query-input\":\"required name=search_term_string\"}],\"inLanguage\":\"fr-FR\"},{\"@type\":\"Person\",\"@id\":\"https:\/\/www.hlf.ma\/fr\/#\/schema\/person\/b9ebc88a642e732fc0b376449993142b\",\"name\":\"Alex Litsa\",\"image\":{\"@type\":\"ImageObject\",\"inLanguage\":\"fr-FR\",\"@id\":\"https:\/\/www.hlf.ma\/fr\/#\/schema\/person\/image\/\",\"url\":\"https:\/\/secure.gravatar.com\/avatar\/1e987e417c82f4a562d9937168645c8a?s=96&d=mm&r=g\",\"contentUrl\":\"https:\/\/secure.gravatar.com\/avatar\/1e987e417c82f4a562d9937168645c8a?s=96&d=mm&r=g\",\"caption\":\"Alex Litsa\"},\"url\":\"https:\/\/www.hlf.ma\/fr\/author\/alexandra\/\"}]}<\/script>\n<!-- \/ Yoast SEO plugin. -->","yoast_head_json":{"title":"Licenciement \u00e9conomique post-Covid : Attention aux abus ! - DS | HAMZI LAW FIRM","robots":{"index":"index","follow":"follow","max-snippet":"max-snippet:-1","max-image-preview":"max-image-preview:large","max-video-preview":"max-video-preview:-1"},"canonical":"https:\/\/www.hlf.ma\/fr\/licenciement-economique-post-covid-attention-aux-abus\/","og_locale":"fr_FR","og_type":"article","og_title":"Licenciement \u00e9conomique post-Covid : Attention aux abus ! - DS | HAMZI LAW FIRM","og_description":"La situation actuelle \u00e9tant in\u00e9dite, et en l\u2019absence de r\u00e8gles sp\u00e9cifiques \u00e0 la crise \u00e9conomique li\u00e9e \u00e0 la Covid-19, le top management des entreprises devra r\u00e9fl\u00e9chir \u00e0 deux fois avant de licencier un ou plusieurs salari\u00e9s. Le risque de voir des licenciements, pr\u00e9sent\u00e9s comme \u00e9conomiques,...","og_url":"https:\/\/www.hlf.ma\/fr\/licenciement-economique-post-covid-attention-aux-abus\/","og_site_name":"DS | HAMZI LAW FIRM","article_published_time":"2021-03-29T15:00:35+00:00","article_modified_time":"2021-03-30T08:38:17+00:00","og_image":[{"width":800,"height":300,"url":"https:\/\/www.hlf.ma\/wp-content\/uploads\/2020\/12\/ajdh-maroc.jpg","type":"image\/jpeg"}],"author":"Alex Litsa","twitter_card":"summary_large_image","twitter_misc":{"Written by":"Alex Litsa","Est. reading time":"1 minute"},"schema":{"@context":"https:\/\/schema.org","@graph":[{"@type":"WebPage","@id":"https:\/\/www.hlf.ma\/fr\/licenciement-economique-post-covid-attention-aux-abus\/","url":"https:\/\/www.hlf.ma\/fr\/licenciement-economique-post-covid-attention-aux-abus\/","name":"Licenciement \u00e9conomique post-Covid : Attention aux abus ! - DS | HAMZI LAW FIRM","isPartOf":{"@id":"https:\/\/www.hlf.ma\/fr\/#website"},"datePublished":"2021-03-29T15:00:35+00:00","dateModified":"2021-03-30T08:38:17+00:00","author":{"@id":"https:\/\/www.hlf.ma\/fr\/#\/schema\/person\/b9ebc88a642e732fc0b376449993142b"},"breadcrumb":{"@id":"https:\/\/www.hlf.ma\/fr\/licenciement-economique-post-covid-attention-aux-abus\/#breadcrumb"},"inLanguage":"fr-FR","potentialAction":[{"@type":"ReadAction","target":["https:\/\/www.hlf.ma\/fr\/licenciement-economique-post-covid-attention-aux-abus\/"]}]},{"@type":"BreadcrumbList","@id":"https:\/\/www.hlf.ma\/fr\/licenciement-economique-post-covid-attention-aux-abus\/#breadcrumb","itemListElement":[{"@type":"ListItem","position":1,"name":"Home","item":"https:\/\/www.hlf.ma\/fr\/"},{"@type":"ListItem","position":2,"name":"Licenciement \u00e9conomique post-Covid : Attention aux abus !"}]},{"@type":"WebSite","@id":"https:\/\/www.hlf.ma\/fr\/#website","url":"https:\/\/www.hlf.ma\/fr\/","name":"DS | HAMZI LAW FIRM","description":"Unis pour construire","potentialAction":[{"@type":"SearchAction","target":{"@type":"EntryPoint","urlTemplate":"https:\/\/www.hlf.ma\/fr\/?s={search_term_string}"},"query-input":"required name=search_term_string"}],"inLanguage":"fr-FR"},{"@type":"Person","@id":"https:\/\/www.hlf.ma\/fr\/#\/schema\/person\/b9ebc88a642e732fc0b376449993142b","name":"Alex Litsa","image":{"@type":"ImageObject","inLanguage":"fr-FR","@id":"https:\/\/www.hlf.ma\/fr\/#\/schema\/person\/image\/","url":"https:\/\/secure.gravatar.com\/avatar\/1e987e417c82f4a562d9937168645c8a?s=96&d=mm&r=g","contentUrl":"https:\/\/secure.gravatar.com\/avatar\/1e987e417c82f4a562d9937168645c8a?s=96&d=mm&r=g","caption":"Alex Litsa"},"url":"https:\/\/www.hlf.ma\/fr\/author\/alexandra\/"}]}},"_links":{"self":[{"href":"https:\/\/www.hlf.ma\/fr\/wp-json\/wp\/v2\/posts\/410"}],"collection":[{"href":"https:\/\/www.hlf.ma\/fr\/wp-json\/wp\/v2\/posts"}],"about":[{"href":"https:\/\/www.hlf.ma\/fr\/wp-json\/wp\/v2\/types\/post"}],"author":[{"embeddable":true,"href":"https:\/\/www.hlf.ma\/fr\/wp-json\/wp\/v2\/users\/2"}],"replies":[{"embeddable":true,"href":"https:\/\/www.hlf.ma\/fr\/wp-json\/wp\/v2\/comments?post=410"}],"version-history":[{"count":3,"href":"https:\/\/www.hlf.ma\/fr\/wp-json\/wp\/v2\/posts\/410\/revisions"}],"predecessor-version":[{"id":1821,"href":"https:\/\/www.hlf.ma\/fr\/wp-json\/wp\/v2\/posts\/410\/revisions\/1821"}],"wp:featuredmedia":[{"embeddable":true,"href":"https:\/\/www.hlf.ma\/fr\/wp-json\/wp\/v2\/media\/919"}],"wp:attachment":[{"href":"https:\/\/www.hlf.ma\/fr\/wp-json\/wp\/v2\/media?parent=410"}],"wp:term":[{"taxonomy":"category","embeddable":true,"href":"https:\/\/www.hlf.ma\/fr\/wp-json\/wp\/v2\/categories?post=410"},{"taxonomy":"post_tag","embeddable":true,"href":"https:\/\/www.hlf.ma\/fr\/wp-json\/wp\/v2\/tags?post=410"}],"curies":[{"name":"wp","href":"https:\/\/api.w.org\/{rel}","templated":true}]}}